{"id":75,"date":"2023-11-09T19:02:29","date_gmt":"2023-11-09T22:02:29","guid":{"rendered":"https:\/\/brasilbybike.com.br\/?p=75"},"modified":"2023-11-09T19:02:29","modified_gmt":"2023-11-09T22:02:29","slug":"expedicao-chapada-7-dias","status":"publish","type":"post","link":"https:\/\/brasilbybike.com.br\/?p=75","title":{"rendered":"Expedi\u00e7\u00e3o Chapada &#8211; 7 dias"},"content":{"rendered":"\n<div class=\"wp-block-columns is-layout-flex wp-container-core-columns-is-layout-9d6595d7 wp-block-columns-is-layout-flex\">\n<div class=\"wp-block-column is-layout-flow wp-block-column-is-layout-flow\">\n<div id=\"wp-block-themeisle-blocks-flip-5e536a2e\" class=\"wp-block-themeisle-blocks-flip anim flipY\"><div class=\"o-flip-inner\"><div class=\"o-flip-front\"><div class=\"o-flip-content\"><h3>Condicionamento<\/h3><p>M\u00e9dio<\/p><\/div><\/div><div class=\"o-flip-back\">\n<h3 class=\"wp-block-heading\">Lorem ipsum<\/h3>\n\n\n\n<p>Tellus posuere sem fermentum facilisis platea.<\/p>\n\n\n\n<div class=\"wp-block-buttons is-content-justification-center is-layout-flex wp-container-core-buttons-is-layout-16018d1d wp-block-buttons-is-layout-flex\"><\/div>\n<\/div><\/div><\/div>\n<\/div>\n\n\n\n<div class=\"wp-block-column is-layout-flow wp-block-column-is-layout-flow\">\n<div id=\"wp-block-themeisle-blocks-flip-12e33804\" class=\"wp-block-themeisle-blocks-flip anim flipY\"><div class=\"o-flip-inner\"><div class=\"o-flip-front\"><div class=\"o-flip-content\"><h3>T\u00e9cnica<\/h3><p>Avan\u00e7ada<\/p><\/div><\/div><div class=\"o-flip-back\">\n<h3 class=\"wp-block-heading\">Lorem ipsum<\/h3>\n\n\n\n<p>Tellus posuere sem fermentum facilisis platea.<\/p>\n\n\n\n<div class=\"wp-block-buttons is-content-justification-center is-layout-flex wp-container-core-buttons-is-layout-16018d1d wp-block-buttons-is-layout-flex\"><\/div>\n<\/div><\/div><\/div>\n<\/div>\n\n\n\n<div class=\"wp-block-column is-layout-flow wp-block-column-is-layout-flow\">\n<div id=\"wp-block-themeisle-blocks-flip-e4a1143b\" class=\"wp-block-themeisle-blocks-flip anim flipY\"><div class=\"o-flip-inner\"><div class=\"o-flip-front\"><div class=\"o-flip-content\"><h3>Bike<\/h3><p>274 km<\/p><\/div><\/div><div class=\"o-flip-back\">\n<h3 class=\"wp-block-heading\">Lorem ipsum<\/h3>\n\n\n\n<p>Tellus posuere sem fermentum facilisis platea.<\/p>\n\n\n\n<div class=\"wp-block-buttons is-content-justification-center is-layout-flex wp-container-core-buttons-is-layout-16018d1d wp-block-buttons-is-layout-flex\"><\/div>\n<\/div><\/div><\/div>\n<\/div>\n<\/div>\n\n\n\n<h1 class=\"wp-block-heading\"><strong>EXPEDI\u00c7\u00c3O CHAPADA 7 DIAS<\/strong><\/h1>\n\n\n\n<p><strong>1<\/strong>\u00b0<strong> Dia: <\/strong>Bike<\/p>\n\n\n\n<p><strong>Len\u00e7\u00f3is \/ Andara\u00ed \/ Igat\u00fa &#8211; Bike 47 km e altitude de 415\/450\/1000m<\/strong><\/p>\n\n\n\n<p>Saida de Len\u00e7ois pela antiga estrada do garimpo, atravessando v\u00e1rios trechos de areia e alguns rios por 18 km at\u00e9 a Cachoeira do Roncador.<\/p>\n\n\n\n<figure class=\"wp-block-image\"><img decoding=\"async\" src=\"https:\/\/lh5.googleusercontent.com\/LUxvoSP7uZIeP83DXCEWOPI_WadtJrtp5Q0OXaRyKBLwg-BHnddrHnP6Doxy9DYPEV0Hku42gdiudiZ6MvJ5cVrMMkLeGE3KRSZf7t3RKktvkOUXpi0NnfsuKZnVckoEwxTfa8Cn-D-OxV10vOpgGg\" alt=\"IMG_1198\"\/><\/figure>\n\n\n\n<p>Na mesma estrada de terra do Garimpo, continuamos at\u00e9 a cabana do Caldo de cana para descansar e reagrupar. Depois continuamos at\u00e9 a cidade de Andara\u00ed aonde iremos tomar o melhor sorvete da Chapada Diamantina.&nbsp;&nbsp;<\/p>\n\n\n\n<p>Em seguida atravessamos a cidade de Andara\u00ed at\u00e9 a subida da estrada de pedra da pequena Vila de Xique-Xique de Igat\u00fa.&nbsp;<\/p>\n\n\n\n<figure class=\"wp-block-image\"><img decoding=\"async\" src=\"https:\/\/lh4.googleusercontent.com\/rLtTEx4zKI8C0JA7NK9_nwU1Beat33d6YE2aGKYKMucdXZJ4a3n9T05lpJItebaCFDNkCLoma3tQpnaYi0XCfi-TDg-qhRiuE1ODz-yb0Y7-ibAcjg48sIXq8edSBnTdd5TEbksJb-WGiOuyvPc9dA\" alt=\"F:\\BBB\\FOTOS BBB\\IGAT\u00da\\Entrada de Igat\u00fa.jpg\"\/><\/figure>\n\n\n\n<p>Subida forte de 7 km e desn\u00edvel de 550 metros.<\/p>\n\n\n\n<p>Solo de pedras e sem sombras, esta subida exige grande condicionamento do biker mas tamb\u00e9m proporciona belo visual de Andara\u00ed.<\/p>\n\n\n\n<p>Parada para jantar e pernoite.<\/p>\n\n\n\n<p><strong>2\u00ba Dia: <\/strong>Bike<\/p>\n\n\n\n<p>Condicionamento: Leve \/ M\u00e9dio<\/p>\n\n\n\n<p>T\u00e9cnica: Avan\u00e7ada \/ M\u00e9dia<\/p>\n\n\n\n<p><strong>Ru\u00ednas\/Po\u00e7o Azul\/Mucug\u00ea<\/strong><\/p>\n\n\n\n<p><strong>Bike 40km e 1000m\/650m\/810m de altitude.<\/strong><\/p>\n\n\n\n<p>Depois do Caf\u00e9 desceremos por trilha de pedra pelas Ru\u00ednas da antiga Cidade Xique Xique de Igat\u00fa<strong> <\/strong>na \u00e9poca do Garimpo de Diamantes. Este single track curto exige muita t\u00e9cnica do biker devido ao solo ser de rocha lisa, acidentada e trechos de areias.<\/p>\n\n\n\n<figure class=\"wp-block-image\"><img decoding=\"async\" src=\"https:\/\/lh4.googleusercontent.com\/1x6TaG9yW1JoUqTyBkogX6D9c-fmtQV-JEVuiVLbW9AxTSGWHb62Og93htkyZkieatbySQTdzdQitD9cdikwPvj4FmJhULKz7ibU5gCYE0eYhOE1bWFrnAb-CFt1pIJ2i1QmwPAejla4VjOxmUEZiA\" alt=\"F:\\BBB\\FOTOS BBB\\IGAT\u00da\\Trilha Igat\u00fa - Andara\u00ed.jpg\"\/><\/figure>\n\n\n\n<p>O apoio estar\u00e1 esperando no final desta fant\u00e1stica trilha da antiga de Xique Xique de Igat\u00fa na \u00e9poca do garimpo.<\/p>\n\n\n\n<p>Nossa pr\u00f3xima parara ser\u00e1 comunidade do Mucambo, estrada de terra e cascalho sem sombras por 18 km at\u00e9 nosso segundo est\u00e1gio o Po\u00e7o Azul. Nesta parte ter\u00e1 bastante reposi\u00e7\u00e3o de \u00e1gua e frutas.<\/p>\n\n\n\n<figure class=\"wp-block-image\"><img decoding=\"async\" src=\"https:\/\/lh6.googleusercontent.com\/kOuBeew9jAQqN7Q9rA5ior2rc9WcRU_Y83s3ebz48Oi3R7D5tNWmnBPCiXO9E6SBnMs_r7NUvkXru3JKMrgOSOKs_eIvzqTC-Ko27ZoLSlimHCBGuXXFEhsbpw88xgJozf3Uisy9eUpOoTfXkoOF0A\" alt=\"F:\\BBB\\FOTOS BBB\\PO\u00c7O AZUL\\_MG_4927.JPG\"\/><\/figure>\n\n\n\n<p>Paramos para flutuar em suas \u00e1guas cristalinas de tom azulado. Almo\u00e7o no fog\u00e3o \u00e1 lenha e carro at\u00e9 a cidade de Mucug\u00ea para jantar e pernoite.&nbsp;<\/p>\n\n\n\n<p>No dia seguinte teremos a manh\u00e3 livre e a tarde bike para Guin\u00e9.<\/p>\n\n\n\n<p><strong>3\u00ba Dia: <\/strong>Bike<\/p>\n\n\n\n<p>Condicionamento: M\u00e9dio&nbsp;<\/p>\n\n\n\n<p>T\u00e9cnica: Leve<\/p>\n\n\n\n<p><strong>Mucug\u00ea \/ Guin\u00e9 \/ Bike 41 km e altitude de 810m \/ 980m<\/strong><\/p>\n\n\n\n<p>As atra\u00e7\u00f5es que veremos depois do caf\u00e9 s\u00e3o a Arquitetura Colonial da cidade e uma r\u00e1pida visita Cemit\u00e9rio Estilo Bizantino.&nbsp;<\/p>\n\n\n\n<figure class=\"wp-block-image\"><img decoding=\"async\" src=\"https:\/\/lh3.googleusercontent.com\/8E__6SisnQtSstT96_-ogMmWrRsApQn0ZcjwLvDKJjhPGkgwGzIvWZ-z_Gk6vyj3-BqGx8E_SxMqdQ0tRjlFB8yDJ_8_Vz5BLCUlH769gVK1slW80uGApivEwSZhh4xiM0laAC8OhFsm6LTHHDUfJQ\" alt=\"F:\\BBB\\FOTOS BBB\\MUCUG\u00ca\\Cemet\u00e9rio St. Izabel.jpg\"\/><\/figure>\n\n\n\n<p>O pedal come\u00e7a por estrada de asfalto com percurso de 10 km at\u00e9 a entrada de Guin\u00e9, o carro de apoio fica atr\u00e1s para prote\u00e7\u00e3o e log\u00edstica.<\/p>\n\n\n\n<p>Estrada \u00e9 de terra batida e sem sombra com o percurso total de 31 km at\u00e9 a cidade de Guin\u00e9.&nbsp;<\/p>\n\n\n\n<p>Como o surpreendente pared\u00e3o da Serra do Desbarrancado e da Serra do Sincor\u00e1 de 1.000 metros de altitude.<\/p>\n\n\n\n<figure class=\"wp-block-image\"><img decoding=\"async\" src=\"https:\/\/lh3.googleusercontent.com\/R_mZdssV0mZNV9q0o7SieJ8K1_A9pQv64UuTjCxaSmf0LWpEqmUlNvUajWdECrYhmMg3P_lWkoPAXsqg6j3gt92C3u3cR0JmnDmXwdt0gfV6bi3A9t6MCGb3wED9IJHdAE1z6SQUZEPnY8fS7KXhrA\" alt=\"F:\\BBB\\FOTOS BBB\\GUIN\u00c9\\Estrada de Guin\u00e9.JPG\"\/><\/figure>\n\n\n\n<p>A fam\u00edlia Sincor\u00e1 produzia muito caf\u00e9 nestas serras na \u00e9poca do garimpo antigo. A altitude faz a qualidade segundo os antigos.<\/p>\n\n\n\n<p>S\u00e3o cen\u00e1rios naturais que comp\u00f5e o parque deixando mais bonito nosso Pedal.&nbsp;<\/p>\n\n\n\n<p>Parada na fazenda de caf\u00e9 para reagrupar e tirar fotos.<\/p>\n\n\n\n<p>Percurso curto com dura\u00e7\u00e3o de 5 horas at\u00e9 a cidade de Guin\u00e9.<\/p>\n\n\n\n<p>Jantar e pernoite.<\/p>\n\n\n\n<p><strong>4\u00ba Dia: <\/strong>Bike<\/p>\n\n\n\n<p>Condicionamento: Avan\u00e7ado<\/p>\n\n\n\n<p>T\u00e9cnica: M\u00e9dia<\/p>\n\n\n\n<p><strong>Guin\u00e9 \/ Cap\u00e3o<\/strong><\/p>\n\n\n\n<p><strong>Bike 62 km e altitude de 810m \/ 980m<\/strong><\/p>\n\n\n\n<p>Saindo da cidade em dire\u00e7\u00e3o \u00e1 Palmeiras a estrada tem trechos de areia e terra batida com longas descidas aonde pode alcan\u00e7ar grandes velocidades.<\/p>\n\n\n\n<figure class=\"wp-block-image\"><img decoding=\"async\" src=\"https:\/\/lh5.googleusercontent.com\/NPI27SsAk7cRkH9Vc4zHNACEBxq-iCZatxVIhi3w1dIpGDaiCqPoatRsUW5L1Y5XI5-xA6uDNrP8ckUri9CgnvV2jDksQIWc8jgrI6qSytb98qDqx8KotvIazQZ9yHRe5V7fWm94-1XwdYgWu7yTNA\" alt=\"F:\\BBB\\FOTOS BBB\\GUIN\u00c9\\IMG_0615.JPG\"\/><\/figure>\n\n\n\n<p>Tomando cuidado com os animais silvestres e os carros na dire\u00e7\u00e3o contraria, pois s\u00e3o 11 km de pura adrenalina e trechos de solo acidentados.<\/p>\n\n\n\n<p>Parada no cruzamento pro Cap\u00e3o para reagrupar. Depois iremos a comunidade do Rio Grande para lanche e descanso nas sombras das \u00e1rvores. O pedal continua por forte subida at\u00e9 o nosso \u00faltimo banho do dia, a cachoeira do Riachinho.<\/p>\n\n\n\n<figure class=\"wp-block-image\"><img decoding=\"async\" src=\"https:\/\/lh4.googleusercontent.com\/clj0gTUZAR4fQHRBBaFCWsAs1jdmFsjYk-huKFnuoS4G90fEEm5UhYS8lsfh-DS_f30oji5COpeCzwl2NRzlGbGU9FQ0-EkAMd3DePd_rX_4yPqDWU-jS3U84yk6r8Zu7guoE0_R3EXI8Ic7xCpJxA\" alt=\"E:\\BBB\\FOTOS BBB\\CAP\u00c3O\\S7300157.JPG\"\/><\/figure>\n\n\n\n<p>Relaxar por 1 hora e meia.<\/p>\n\n\n\n<p>Depois 3 km at\u00e9 a Vila do Cap\u00e3o para reagrupar. Pernoite e jantar.<\/p>\n\n\n\n<p><strong>5\u00ba Dia: <\/strong>Trekking<\/p>\n\n\n\n<p>Condicionamento: M\u00e9dio<\/p>\n\n\n\n<p><strong>Trekking Cachoeira do Fuma\u00e7a (5 Horas e 12 km)<\/strong><\/p>\n\n\n\n<p>A Cachoeira da Fuma\u00e7a \u00e9 considerada a 2\u00ba maior queda d\u2019agua brasil.<\/p>\n\n\n\n<p>O Carro nos leva at\u00e9 a associa\u00e7\u00e3o dos condutores da Cachoeira da Fuma\u00e7a, aonde come\u00e7a nossa trilha.<\/p>\n\n\n\n<figure class=\"wp-block-image\"><img decoding=\"async\" src=\"https:\/\/lh5.googleusercontent.com\/6ESRWaSE_LMH9LqWVy-yPz3n3pvfLIVYsbGL_sZYZ9USMaYIhGfxUG-gfHR_zx5YnqnRYpCqZoa0AG0mA2XevcBw4nB76RCIBikaSB3_6piZXp0EmrgAvRdU32W5ghTd2RmlTb3GVvQ8qapPJCFaXg\" alt=\"Arco-\u00cdris na queda d`agua Fuma\u00e7a\"\/><\/figure>\n\n\n\n<p>Subida forte de degraus tipo escada at\u00e9 o plat\u00f4 de trilha plana. Percurso de 2 horas. No alto se observa sua queda e visual.<\/p>\n\n\n\n<p>A volta \u00e9 pela mesma trilha. Jantar e pernoite no Cap\u00e3o.<\/p>\n\n\n\n<p><strong>6\u00ba Dia: <\/strong>Bike&nbsp;<\/p>\n\n\n\n<p>Condicionamento: Avan\u00e7ado<\/p>\n\n\n\n<p>T\u00e9cnica: Avan\u00e7ada<\/p>\n\n\n\n<p><strong>Cap\u00e3o\/Pai In\u00e1cio\/Len\u00e7\u00f3is \/40 km e altitude de 980m \/460m<\/strong><\/p>\n\n\n\n<p>Depois de conhecer o Vale do Cap\u00e3o nosso pedal ser\u00e1 por trilha estreita tipo single-track de solo arenoso e \u00famido.<\/p>\n\n\n\n<figure class=\"wp-block-image\"><img decoding=\"async\" src=\"https:\/\/lh4.googleusercontent.com\/EadEv4-AZWaGI6HWa-DNOw3PyHiMdOYaXw85M_QIqvbqPaGxpaRcgWOWEgzhB6tX8FFdIGY9UXN8jxd2HLD14Da2eoZRp_XiZpdCpA0uI9FyEqcgs70PEndKRWzLPpeIzbWTRZ3GL2Vv_JwRriq7uw\" alt=\"F:\\BBB\\FOTOS BBB\\AGUAS CLARAS\\Trilha \u00c1guas Claras.JPG\"\/><\/figure>\n\n\n\n<p>Possui belo visual do Morr\u00e3o e vales dos tr\u00eas Irm\u00e3os.&nbsp;<\/p>\n\n\n\n<p>Paramos para nadar nas \u00e1guas claras, um o\u00e1sis no meio do sert\u00e3o.<\/p>\n\n\n\n<p>S\u00e3o oito pequenas piscinas naturais de \u00e1guas de tom amarelada cristalina, que proporcionam um belo mergulho de 40 minutos para nadar.<\/p>\n\n\n\n<figure class=\"wp-block-image\"><img decoding=\"async\" src=\"https:\/\/lh6.googleusercontent.com\/5bTTwA8BfibweKwuUWWx7QF4J09qoZo4qcoQ-IpFAA9AW3AHo-jKFrSM4L5x2IqkASCR6lHp8MfyJfjgZS5VPEFy2vOF6lzYldpqxW3_rq1Z-9WyeCe8i_RgWEMSTdHrh3_RXd45OJYaYvGmQ7ekig\" alt=\"\u00c1guas Claras  f\"\/><\/figure>\n\n\n\n<p>Depois de descansar continuamos nosso pedal atravessando trechos de mata fechada e alguns rios.<\/p>\n\n\n\n<p>Reagrupamos na ponte do trevo e banho no pequeno rio.<\/p>\n\n\n\n<p>Saindo da trilha pedalaremos pelo asfalto por 3 km at\u00e9 o restaurante do Pai In\u00e1cio.&nbsp;<\/p>\n\n\n\n<p>O carro nos levar\u00e1 at\u00e9 o Morro do Pai In\u00e1cio onde faremos uma caminhada at\u00e9 o topo por aproximadamente de 20 minutos de n\u00edvel de esfor\u00e7o m\u00e9dio.<\/p>\n\n\n\n<p>O Morro do Pai In\u00e1cio possui 1.100 metros de altitude e considerado um dos cart\u00f5es postais mais famosos do Parque Nacional da Chapada Diamantina. Sua vista imponente com grande beleza e rica hist\u00f3ria como a do escravo In\u00e1cio que escapou do Coronel da \u00e9poca dos diamantes. Cujo nome se deu ao Morro.&nbsp;<\/p>\n\n\n\n<figure class=\"wp-block-image\"><img decoding=\"async\" src=\"https:\/\/lh6.googleusercontent.com\/iAo_yaa7FLUasEJDSv_YSSRTLAiXGsh_Zf344uJ8kAdAM8KA82NrK0C5zCzCrLd0gzN4BRjBTX8nSgoTi5Xgt4wGHlFqUxAOYYDBkh3ehCPAS5aZ1HI2jrw6YJQ8R2QBQ8eCO8jpG0gKqyXxYlFcog\" alt=\"GOPR0168\"\/><\/figure>\n\n\n\n<p>Para os bikers mais experientes existe a op\u00e7\u00e3o de voltar por uma trilha acidentada chamada Barro Branco. Exige for\u00e7a e t\u00e9cnicas avan\u00e7adas nos primeiros 5 km de trilha, depois pedras lisas e mata fechada. Do outro lado do morro, trechos de areia e pedras e buracos. Descida de terra batida de 9 km at\u00e9 a cidade de Len\u00e7ois.<\/p>\n\n\n\n<p>O restante do grupo pode apreciar o p\u00f4r do Sol e a volta ser\u00e1 de carro at\u00e9 a Cidade Len\u00e7\u00f3is.<\/p>\n\n\n\n<p>Pernoite e jantar livre.<\/p>\n\n\n\n<p><strong>7\u00b0 Dia: <\/strong>Bike<\/p>\n\n\n\n<p>Condicionamento: M\u00e9dio<\/p>\n\n\n\n<p>T\u00e9cnica: M\u00e9dia<\/p>\n\n\n\n<p><strong>Marimbus \/ Roncador \/ Len\u00e7\u00f3is \/ 44 km e altitude de 415m<\/strong><\/p>\n\n\n\n<p>Saimos de Lencois em dira\u00e7\u00e3o \u00e1 estrada do garimpo por forte subida at\u00e9 a estrada do Marimbus. S\u00e3o 26 km at\u00e9 o remanescente dos Quilombolas do Remanso.<\/p>\n\n\n\n<figure class=\"wp-block-image\"><img decoding=\"async\" src=\"https:\/\/lh6.googleusercontent.com\/Sh3PG_MpneVmlaFKRbNz4T6jbtdCvEekBi7X0fe4E8B6Uzt5M_dJz4R9Og5S81BREXywfIjdBWuwWfQmKV0pcIQjqQjXBL1J1I6F_dJJgdn9DuBVB2W2N7gIT0anRFSht2f57JU13EJUKrRPsqUfMA\" alt=\"F:\\BBB\\FOTOS BBB\\MARIMBUS\\Marimbus (3).JPG\"\/><\/figure>\n\n\n\n<p>De l\u00e1 seguiremos de canoa atravessando o \u201cMini \u2013 Pantanal\u201d da Chapada. Local \u00fanico que possui grande beleza com exuberante fauna, flora e paisagens naturais. Travessia de barco por aproximadamente uma hora e meia.<\/p>\n\n\n\n<p>Op\u00e7\u00e3o, trilha de 5 km at\u00e9 a Cachoeira do Roncador por baixo.<\/p>\n\n\n\n<p>J\u00e1 do outro lado do rio, faremos uma visita \u00e1 uma casa secular chamada de \u201cCasar\u00e3o\u201d. L\u00e1 parada para almo\u00e7o com a t\u00edpica comida do sert\u00e3o no fog\u00e3o \u00e1 lenha da fam\u00edlia da Dona Val.<\/p>\n\n\n\n<figure class=\"wp-block-image\"><img decoding=\"async\" src=\"https:\/\/lh6.googleusercontent.com\/wsc4Emvcq8vCn37AZ9gAY53GF0s_W-419dZJRtBbX_qgKwkVZTcsXOR0x8uJmziXEXP_d1GX7hGlQljgWzS5PTqkzx4H2FHCU9RvfCI2oOwz52r3xCNqjMfAY9aBpyqjLwzASvK-vDK-loTjfJIY0A\" alt=\"F:\\BBB\\FOTOS BBB\\CASAR\u00c3O\\GOPR1540.JPG\"\/><\/figure>\n\n\n\n<p>Depois do almo\u00e7o para fazer a digest\u00e3o faremos uma caminhada de 15 minutos aproximadamente at\u00e9 a cachoeira de cima do rio roncador.<\/p>\n\n\n\n<p>Relaxamos por 1 hora e meia em seus caldeir\u00f5es.<\/p>\n\n\n\n<p>\u00d3tima para nadar e relaxar com o barulho das \u00e1guas e seus po\u00e7os de 3 metros de profundidade, oferecendo contempla\u00e7\u00e3o e massagem natural.<\/p>\n\n\n\n<figure class=\"wp-block-image\"><img decoding=\"async\" src=\"https:\/\/lh4.googleusercontent.com\/1wndjp7qLnNVL_Shjv42a8Fr8BZdYscmMIQLQ-5VdoQFoqvh3vBNtj6dGdTc2qrPEV9F_kFFlvPzWlSIntcOvsPIZG-Oky-kBq0DkZM75-29sQlRnbAGnH5NMxcFNTYEeJK_FwhNLcQhbEhdqKJa4Q\" alt=\"F:\\BBB\\FOTOS BBB\\CASAR\u00c3O\\GOPR1556.JPG\"\/><\/figure>\n\n\n\n<p>A volta ser\u00e1 pela antiga estrada do garimpo por 18 km de percurso. Esta estrada possui trechos acidentados de areia, pedras e travessia de rios. Na sua extens\u00e3o a estrada do garimpo predomina trechos de sombras e terra batida e possui pequenos rios para atravessar e refrescar.<\/p>\n\n\n\n<p>Dura\u00e7\u00e3o de 3 horas at\u00e9 a cidade de Len\u00e7ois.<\/p>\n\n\n\n<p><strong>EXPEDI\u00c7\u00c3O CHAPADA 07 DIAS<\/strong><\/p>\n\n\n\n<p><strong>Incluso no roteiro :<\/strong><\/p>\n\n\n\n<ul class=\"wp-block-list\">\n<li>Hospedagens<\/li>\n\n\n\n<li>04 jantares em Igat\u00fa, Mucug\u00ea, Guin\u00e9 e 1 noite no Cap\u00e3o<\/li>\n\n\n\n<li>Carro de Apoio<\/li>\n\n\n\n<li>Guias<\/li>\n\n\n\n<li>Taxas<\/li>\n\n\n\n<li>\u00c1guas<\/li>\n\n\n\n<li>Frutas<\/li>\n\n\n\n<li>Kit 1\u00b0 Socorros<\/li>\n\n\n\n<li>Kit Reparo<\/li>\n\n\n\n<li>Seguro de acidentes pessoais<\/li>\n<\/ul>\n\n\n\n<p><strong>Levar :<\/strong><\/p>\n\n\n\n<ul class=\"wp-block-list\">\n<li>Luvas<\/li>\n\n\n\n<li>Capacete<\/li>\n\n\n\n<li>Pedal cliper<\/li>\n\n\n\n<li>Chave da pr\u00f3pria bike para ajustes ( harley )&nbsp;<\/li>\n\n\n\n<li>Kit 1\u00b0 socorros<\/li>\n\n\n\n<li>Chapel ou Bon\u00e9<\/li>\n\n\n\n<li>\u00d3culos escuros<\/li>\n\n\n\n<li>Roupas leves de mangas longa leve<\/li>\n\n\n\n<li>Garrafa de bike ou camelback<\/li>\n\n\n\n<li>Pilhas recarreg\u00e1veis<\/li>\n\n\n\n<li>Protetor solar<\/li>\n\n\n\n<li>Repelente<\/li>\n<\/ul>\n\n\n\n<ul class=\"wp-block-list\">\n<li><strong>Oferecemos pacotes de manuten\u00e7\u00e3o, limpeza e ajustes.<\/strong><\/li>\n<\/ul>\n","protected":false},"excerpt":{"rendered":"<p>EXPEDI\u00c7\u00c3O CHAPADA 7 DIAS 1\u00b0 Dia: Bike Len\u00e7\u00f3is \/ Andara\u00ed \/ Igat\u00fa &#8211; Bike 47 km e altitude de 415\/450\/1000m Saida de Len\u00e7ois pela antiga estrada do garimpo, atravessando v\u00e1rios trechos de areia e alguns rios por 18 km at\u00e9 a Cachoeira do Roncador. Na mesma estrada de terra do Garimpo, continuamos at\u00e9 a cabana [&hellip;]<\/p>\n","protected":false},"author":1,"featured_media":13,"comment_status":"open","ping_status":"open","sticky":false,"template":"","format":"standard","meta":{"_regular_price":[],"currency_symbol":[],"_monsterinsights_skip_tracking":false,"_monsterinsights_sitenote_active":false,"_monsterinsights_sitenote_note":"","_monsterinsights_sitenote_category":0,"_joinchat":[],"footnotes":""},"categories":[4],"tags":[19,7,21,18,22,17,20],"class_list":["post-75","post","type-post","status-publish","format-standard","has-post-thumbnail","hentry","category-roteiros","tag-bahia","tag-bike","tag-brasil-by-bike","tag-chapada-diamantina","tag-expedicao","tag-lencois","tag-mountain-bike"],"post_slider_layout_featured_media_urls":{"thumbnail":["https:\/\/brasilbybike.com.br\/wp-content\/uploads\/2023\/01\/47174348_1805115176266226_3290254547158564864_n-150x150.jpg",150,150,true],"post_slider_layout_landscape_large":["https:\/\/brasilbybike.com.br\/wp-content\/uploads\/2023\/01\/47174348_1805115176266226_3290254547158564864_n.jpg",1024,708,false],"post_slider_layout_portrait_large":["https:\/\/brasilbybike.com.br\/wp-content\/uploads\/2023\/01\/47174348_1805115176266226_3290254547158564864_n.jpg",1024,708,false],"post_slider_layout_square_large":["https:\/\/brasilbybike.com.br\/wp-content\/uploads\/2023\/01\/47174348_1805115176266226_3290254547158564864_n.jpg",1024,708,false],"post_slider_layout_landscape":["https:\/\/brasilbybike.com.br\/wp-content\/uploads\/2023\/01\/47174348_1805115176266226_3290254547158564864_n.jpg",579,400,false],"post_slider_layout_portrait":["https:\/\/brasilbybike.com.br\/wp-content\/uploads\/2023\/01\/47174348_1805115176266226_3290254547158564864_n.jpg",600,415,false],"post_slider_layout_square":["https:\/\/brasilbybike.com.br\/wp-content\/uploads\/2023\/01\/47174348_1805115176266226_3290254547158564864_n.jpg",600,415,false],"full":["https:\/\/brasilbybike.com.br\/wp-content\/uploads\/2023\/01\/47174348_1805115176266226_3290254547158564864_n.jpg",1024,708,false]},"jetpack_featured_media_url":"https:\/\/brasilbybike.com.br\/wp-content\/uploads\/2023\/01\/47174348_1805115176266226_3290254547158564864_n.jpg","_links":{"self":[{"href":"https:\/\/brasilbybike.com.br\/index.php?rest_route=\/wp\/v2\/posts\/75","targetHints":{"allow":["GET"]}}],"collection":[{"href":"https:\/\/brasilbybike.com.br\/index.php?rest_route=\/wp\/v2\/posts"}],"about":[{"href":"https:\/\/brasilbybike.com.br\/index.php?rest_route=\/wp\/v2\/types\/post"}],"author":[{"embeddable":true,"href":"https:\/\/brasilbybike.com.br\/index.php?rest_route=\/wp\/v2\/users\/1"}],"replies":[{"embeddable":true,"href":"https:\/\/brasilbybike.com.br\/index.php?rest_route=%2Fwp%2Fv2%2Fcomments&post=75"}],"version-history":[{"count":3,"href":"https:\/\/brasilbybike.com.br\/index.php?rest_route=\/wp\/v2\/posts\/75\/revisions"}],"predecessor-version":[{"id":79,"href":"https:\/\/brasilbybike.com.br\/index.php?rest_route=\/wp\/v2\/posts\/75\/revisions\/79"}],"wp:featuredmedia":[{"embeddable":true,"href":"https:\/\/brasilbybike.com.br\/index.php?rest_route=\/wp\/v2\/media\/13"}],"wp:attachment":[{"href":"https:\/\/brasilbybike.com.br\/index.php?rest_route=%2Fwp%2Fv2%2Fmedia&parent=75"}],"wp:term":[{"taxonomy":"category","embeddable":true,"href":"https:\/\/brasilbybike.com.br\/index.php?rest_route=%2Fwp%2Fv2%2Fcategories&post=75"},{"taxonomy":"post_tag","embeddable":true,"href":"https:\/\/brasilbybike.com.br\/index.php?rest_route=%2Fwp%2Fv2%2Ftags&post=75"}],"curies":[{"name":"wp","href":"https:\/\/api.w.org\/{rel}","templated":true}]}}